[{"@context":"https:\/\/schema.org\/","@type":"Article","@id":"https:\/\/www.d55.cz\/alzheimera-bohuzel-nezastavite\/#Article","mainEntityOfPage":"https:\/\/www.d55.cz\/alzheimera-bohuzel-nezastavite\/","headline":"Alzheimera, bohu\u017eel, nezastav\u00edte","name":"Alzheimera, bohu\u017eel, nezastav\u00edte","description":"Jestli\u017ee se V\u00e1m dostane do t\u011bsn\u00e9 bl\u00edzkosti Alzheimerova choroba, uv\u011bdomte si, \u017ee budete muset myslet na posti\u017een\u00e9ho \u010dlov\u011bka, ale hlavn\u011b tak\u00e9 na sebe. Nen\u00ed to my\u0161leno sobecky, jak by se mohl n\u011bkdo myln\u011b domn\u00edvat. Ale Vy mus\u00edte b\u00fdt v naprost\u00e9 pohod\u011b a zcela vyrovnan\u00ed, abyste mohli zvl\u00e1dat tak obt\u00ed\u017enou \u017eivotn\u00ed situaci, ze kter\u00e9, bohu\u017eel, nen\u00ed [&hellip;]","datePublished":"2018-08-19","dateModified":"2023-05-09","author":{"@type":"Person","@id":"https:\/\/www.d55.cz\/author\/#Person","name":"","url":"https:\/\/www.d55.cz\/author\/","identifier":1,"image":{"@type":"ImageObject","@id":"https:\/\/secure.gravatar.com\/avatar\/b70ca3e57a61efa655568ea1bab21ec867ae74beaf8b182b9ca53fe6fcb8cee7?s=96&d=mm&r=g","url":"https:\/\/secure.gravatar.com\/avatar\/b70ca3e57a61efa655568ea1bab21ec867ae74beaf8b182b9ca53fe6fcb8cee7?s=96&d=mm&r=g","height":96,"width":96}},"publisher":{"@type":"Organization","name":"d55.cz","logo":{"@type":"ImageObject","@id":"\/logo.png","url":"\/logo.png","width":600,"height":60}},"image":{"@type":"ImageObject","@id":"https:\/\/www.d55.cz\/wp-content\/uploads\/img_a323416_w2332_t1535051603.jpg","url":"https:\/\/www.d55.cz\/wp-content\/uploads\/img_a323416_w2332_t1535051603.jpg","height":0,"width":0},"url":"https:\/\/www.d55.cz\/alzheimera-bohuzel-nezastavite\/","about":["Kultura\r"],"wordCount":458,"articleBody":"Jestli\u017ee se V\u00e1m dostane do t\u011bsn\u00e9 bl\u00edzkosti Alzheimerova choroba, uv\u011bdomte si, \u017ee budete muset myslet na posti\u017een\u00e9ho \u010dlov\u011bka, ale hlavn\u011b tak\u00e9 na sebe. Nen\u00ed to my\u0161leno sobecky, jak by se mohl n\u011bkdo myln\u011b domn\u00edvat. Ale Vy mus\u00edte b\u00fdt v naprost\u00e9 pohod\u011b a zcela vyrovnan\u00ed, abyste mohli zvl\u00e1dat tak obt\u00ed\u017enou \u017eivotn\u00ed situaci, ze kter\u00e9, bohu\u017eel, nen\u00ed n\u00e1vratu.&#13; &#13; Mus\u00edte v\u011bd\u011bt, co V\u00e1s \u010dek\u00e1.&#13; Nejen to, \u017ee byste m\u011bli v\u011bd\u011bt, co tak odporn\u00e1 nemoc, kter\u00e1 se zcela nen\u00e1padn\u011b a pl\u00ed\u017eiv\u011b usazuje v \u010dlov\u011bku V\u00e1m bl\u00edzk\u00e9mu, obn\u00e1\u0161\u00ed. Ale mus\u00edte b\u00fdt sm\u00ed\u0159eni i s t\u00edm, \u017ee zp\u016fsobuje neodvratiteln\u00fd pr\u016fb\u011bh zm\u011bn, na kter\u00fd se mus\u00edte p\u0159ipravit.&#13; Jen\u017ee ono se to \u0159ekne. P\u0159ipravte se na to, \u017ee \u010dlov\u011bk, kter\u00fd V\u00e1m dal \u017eivot, staral se o V\u00e1s od narozen\u00ed, vysed\u00e1val cel\u00e9 noci u postele, kdy\u017e jste m\u011bli hore\u010dku. \u017de \u010dlov\u011bk, kter\u00fd s V\u00e1mi pro\u017e\u00edval Va\u0161e prvn\u00ed \u00fasp\u011bchy, ale i ne\u00fasp\u011bchy, onemocn\u011bl chorobou, kter\u00e1 zp\u016fsobuje, \u017ee V\u00e1s za n\u011bjak\u00fd \u010das p\u0159estane pozn\u00e1vat. Nevzpomene si na nic, co jste spolu pro\u017e\u00edvali.&#13; Jde to v\u016fbec? P\u0159ipravit se? Jak? &#13; Nen\u00ed to jednoduch\u00e9! Je to velmi t\u011b\u017ek\u00e9. Ale rozhodn\u011b nesm\u00edte po\u010d\u00edtat s t\u00edm, \u017ee nyn\u00ed l\u00e1sku, kterou jste cel\u00fd \u017eivot dost\u00e1vali, m\u016f\u017eete nyn\u00ed vr\u00e1tit. P\u0159ece nemocn\u00e9ho \u010dlov\u011bka ned\u00e1te n\u011bkam do \u00fastavu? Bohu\u017eel, nesm\u00edte p\u0159em\u00fd\u0161let t\u00edmto sm\u011brem. Chod\u00edte do pr\u00e1ce, m\u00e1te sv\u00e9 povinnosti a t\u00edm, \u017ee si nemocn\u00e9ho \u010dlov\u011bka nech\u00e1te doma, mu m\u016f\u017eete u\u0161kodit.&#13; &#13; \u010clov\u011bk, kter\u00fd onemocn\u011bl Alzheimerem, nem\u016f\u017ee b\u00fdt ani minutu s\u00e1m. A ruku na srdce, na to Va\u0161e s\u00edly nesta\u010d\u00ed. Proto mus\u00edte zajistit nov\u00fd domov pro bl\u00edzk\u00e9ho \u010dlov\u011bka, kde se nejl\u00e9pe postaraj\u00ed o jeho pot\u0159eby a nedopust\u00ed, aby do\u0161lo k n\u011bjak\u00fdm \u00faraz\u016fm, nebo odchod\u016fm z domova.&#13; Alzheimerova choroba je prev\u00edt, kter\u00fd p\u0159ek\u0159\u00ed\u017eil Va\u0161i spole\u010dnou pou\u0165 \u017eivotem. Ale Vy, ani nikdo jin\u00fd ji neporaz\u00ed. Jen l\u00e9ky mohou zm\u00edrnit jej\u00ed pr\u016fb\u011bh. A potom u\u017e jen trp\u011blivost, empatie, pochopen\u00ed, l\u00e1ska a nekone\u010dn\u00e1 v\u00edra v to, \u017ee nemocn\u00fd \u010dlov\u011bk za\u010dal \u017e\u00edt v docela odli\u0161n\u00e9m sv\u011bt\u011b, ve kter\u00e9m je spokojen\u00fd, je jedin\u00e9, co V\u00e1m zb\u00fdv\u00e1. \u010c\u00edm se m\u016f\u017eete obrnit proti Osudu.&#13;                                                                                                                                                                                                                                                                                                                                                                                         4.4\/5 - (8 votes)        "},{"@context":"https:\/\/schema.org\/","@type":"BreadcrumbList","itemListElement":[{"@type":"ListItem","position":1,"name":"Alzheimera, bohu\u017eel, nezastav\u00edte","item":"https:\/\/www.d55.cz\/alzheimera-bohuzel-nezastavite\/#breadcrumbitem"}]}]